{"id":2447,"date":"2021-11-30T17:00:00","date_gmt":"2021-11-30T16:00:00","guid":{"rendered":"http:\/\/dk28nowysacz-ropa.pl\/?p=2447"},"modified":"2022-01-10T08:50:44","modified_gmt":"2022-01-10T07:50:44","slug":"spotkanie-informacyjne","status":"publish","type":"post","link":"http:\/\/dk28nowysacz-ropa.pl\/index.php\/2021\/11\/30\/spotkanie-informacyjne\/","title":{"rendered":"Spotkanie informacyjne"},"content":{"rendered":"\n<div id=\"section-gaf37d2\" class=\"wp-block-gutentor-e1 section-gaf37d2 gutentor-element gutentor-element-advanced-text text-align-center-desktop\"><div class=\"gutentor-text-wrap\"><h2 class=\"gutentor-text\"><strong> ZAPROSZENIE<\/strong><\/h2><\/div><\/div>\n\n\n\n<div id=\"section-g81566a\" class=\"wp-block-gutentor-e1 section-g81566a gutentor-element gutentor-element-advanced-text text-align-center-desktop\"><div class=\"gutentor-text-wrap\"><p class=\"gutentor-text\">Zaproszenie do spotka\u0144 informacyjnych dla inwestycji pn.:<br>Opracowanie kompleksowej dokumentacji projektowej dla zadania pn.:<br><strong>\u201eRozbudowa drogi krajowej nr 28 na odcinku Nowy S\u0105cz \u2013 Ropa\u201d<\/strong><br>wraz z uzyskaniem decyzji administracyjnych i sprawowaniem nadzoru autorskiego<br><strong>na odcinku od km 142+070 do km 166+286.<\/strong><br><strong>D\u0142ugo\u015b\u0107 ok. 24,00 km.<br><\/strong>Zapraszamy Pa\u0144stwa do wzi\u0119cia udzia\u0142u w spotkaniach informacyjnych dla przedmiotowej inwestycji realizowanej na zlecenie krakowskiego oddzia\u0142u Generalnej Dyrekcji Dr\u00f3g Krajowych i Autostrad.<br><br>Inwestycja zlokalizowana jest w wojew\u00f3dztwie ma\u0142opolskim w powiecie nowos\u0105deckim i gorlickim, na terenie gminy Che\u0142miec, Kamionka Wielka, Gryb\u00f3w oraz Ropa.<br>D\u0142ugo\u015b\u0107 odcinka ok. 24 km.<br><\/p><\/div><\/div>\n\n\n\n<div class=\"wp-block-file\"><a href=\"http:\/\/dk28nowysacz-ropa.pl\/wp-content\/uploads\/2021\/12\/Ulotka-A4_1z2.pdf\">Ulotka A4 1z2<\/a><a href=\"http:\/\/dk28nowysacz-ropa.pl\/wp-content\/uploads\/2021\/12\/Ulotka-A4_1z2.pdf\" class=\"wp-block-file__button\" download>Pobierz<\/a><\/div>\n\n\n\n<div class=\"wp-block-file\"><a href=\"http:\/\/dk28nowysacz-ropa.pl\/wp-content\/uploads\/2021\/12\/Ulotka-A4_2z2.pdf\">Ulotka A4_2z2<\/a><a href=\"http:\/\/dk28nowysacz-ropa.pl\/wp-content\/uploads\/2021\/12\/Ulotka-A4_2z2.pdf\" class=\"wp-block-file__button\" download>Pobierz<\/a><\/div>\n\n\n\n<div class=\"wp-block-file\"><a href=\"http:\/\/dk28nowysacz-ropa.pl\/wp-content\/uploads\/2021\/12\/Zaproszenie-na-spotkanie-informacyjne-A3.pdf\">Zaproszenie na spotkanie informacyjne &#8211; plakat A3<\/a><a href=\"http:\/\/dk28nowysacz-ropa.pl\/wp-content\/uploads\/2021\/12\/Zaproszenie-na-spotkanie-informacyjne-A3.pdf\" class=\"wp-block-file__button\" download>Pobierz<\/a><\/div>\n\n\n\n<div class=\"wp-block-file\"><a href=\"http:\/\/dk28nowysacz-ropa.pl\/wp-content\/uploads\/2021\/12\/DK28_ANKIETA_konsultacje-spoleczne-1.docx\">DK28_ANKIETA<\/a><a href=\"http:\/\/dk28nowysacz-ropa.pl\/wp-content\/uploads\/2021\/12\/DK28_ANKIETA_konsultacje-spoleczne-1.docx\" class=\"wp-block-file__button\" download>Pobierz<\/a><\/div>\n\n\n\n<div class=\"wp-block-file\"><a href=\"http:\/\/dk28nowysacz-ropa.pl\/wp-content\/uploads\/2021\/12\/DK28_ulotka_przejmowanie-nieruchomosci.pdf\">DK28 ulotka przejmowanie-nieruchomo\u015bci<\/a><a href=\"http:\/\/dk28nowysacz-ropa.pl\/wp-content\/uploads\/2021\/12\/DK28_ulotka_przejmowanie-nieruchomosci.pdf\" class=\"wp-block-file__button\" download>Pobierz<\/a><\/div>\n\n\n\n<div class=\"wp-block-file\"><a href=\"http:\/\/dk28nowysacz-ropa.pl\/wp-content\/uploads\/2021\/12\/DK28_ulotka_procedura-odszkodowawcza.pdf\">DK28 ulotka procedura odszkodowawcza<\/a><a href=\"http:\/\/dk28nowysacz-ropa.pl\/wp-content\/uploads\/2021\/12\/DK28_ulotka_procedura-odszkodowawcza.pdf\" class=\"wp-block-file__button\" download>Pobierz<\/a><\/div>\n\n\n\n<section id=\"section-8e6072b6-4e36-41c5-93df-a652f72992a5\" class=\"wp-block-gutentor-list gutentor-section gutentor-list-wrapper list-template1\"><div class=\"grid-container\"><div class=\"gutentor-block-header\"><div class=\"gutentor-section-title enable-title-design seperator-bottom text-center\"><h2 class=\"gutentor-title\">Cel i zak\u0142adany efekt zadania:<\/h2><\/div><\/div><ul class=\"grid-row gutentor-grid-item-wrap list-indicator-icon text-left\"><li class=\"gutentor-list-item grid-12 grid-12 grid-12\"><span class=\"gutentor-single-item gutentor-single-item-0\"><span class=\"gutentor-list-item-wrap\"><span class=\"gutentor-single-list-item-icon\"><i class=\"list-item-icon fas fa-angle-right\"><\/i><\/span><span class=\"gutentor-list-item\"><p class=\"gutentor-single-item-title\">podniesienie parametr\u00f3w no\u015bno\u015bci drogi;<\/p><\/span><\/span><\/span><\/li><li class=\"gutentor-list-item grid-12 grid-12 grid-12\"><span class=\"gutentor-single-item gutentor-single-item-1\"><span class=\"gutentor-list-item-wrap\"><span class=\"gutentor-single-list-item-icon\"><i class=\"list-item-icon fas fa-angle-right\"><\/i><\/span><span class=\"gutentor-list-item\"><p class=\"gutentor-single-item-title\">poprawa warunk\u00f3w ruchu na drodze;<\/p><\/span><\/span><\/span><\/li><li class=\"gutentor-list-item grid-12 grid-12 grid-12\"><span class=\"gutentor-single-item gutentor-single-item-2\"><span class=\"gutentor-list-item-wrap\"><span class=\"gutentor-single-list-item-icon\"><i class=\"list-item-icon fas fa-angle-right\"><\/i><\/span><span class=\"gutentor-list-item\"><p class=\"gutentor-single-item-title\">poprawa bezpiecze\u0144stwa pieszych i innych uczestnik\u00f3w ruchu drogowego;<\/p><\/span><\/span><\/span><\/li><li class=\"gutentor-list-item grid-12 grid-12 grid-12\"><span class=\"gutentor-single-item gutentor-single-item-3\"><span class=\"gutentor-list-item-wrap\"><span class=\"gutentor-single-list-item-icon\"><i class=\"list-item-icon fas fa-angle-right\"><\/i><\/span><span class=\"gutentor-list-item\"><p class=\"gutentor-single-item-title\">usprawnienie po\u0142\u0105cze\u0144 komunikacyjnych poprzez rozbudow\u0119 i przebudow\u0119 skrzy\u017cowa\u0144<br>z drogami publicznymi;<\/p><\/span><\/span><\/span><\/li><li class=\"gutentor-list-item grid-12 grid-12 grid-12\"><span class=\"gutentor-single-item gutentor-single-item-4\"><span class=\"gutentor-list-item-wrap\"><span class=\"gutentor-single-list-item-icon\"><i class=\"list-item-icon fas fa-angle-right\"><\/i><\/span><span class=\"gutentor-list-item\"><p class=\"gutentor-single-item-title\">zmniejszenie oddzia\u0142ywania drogi krajowej na \u015brodowisko.<\/p><\/span><\/span><\/span><\/li><\/ul><\/div><\/section>\n\n\n\n<section id=\"section-59b255ef-e4b0-425a-83af-92e594af7d16\" class=\"wp-block-gutentor-list gutentor-section gutentor-list-wrapper list-template1\"><div class=\"grid-container\"><div class=\"gutentor-block-header\"><div class=\"gutentor-section-title enable-title-design seperator-bottom text-center\"><h2 class=\"gutentor-title\"> Terminy spotka\u0144 informacyjnych:<\/h2><\/div><\/div><ul class=\"grid-row gutentor-grid-item-wrap list-indicator-icon text-left\"><li class=\"gutentor-list-item grid-12 grid-12 grid-12\"><span class=\"gutentor-single-item gutentor-single-item-0\"><span class=\"gutentor-list-item-wrap\"><span class=\"gutentor-single-list-item-icon\"><i class=\"list-item-icon fas fa-angle-double-right\"><\/i><\/span><span class=\"gutentor-list-item\"><p class=\"gutentor-single-item-title\"><strong><span style=\"color:#ef7900\" class=\"has-inline-color\">Gmina Che\u0142miec i Gmina Kamionka Wielka<br><\/span><\/strong><span style=\"color:#ef7900\" class=\"has-inline-color\"><strong>13.12.2021 r. godz.: 17:00 \u2013 19:00<\/strong><br><\/span>Lokalizacja:<br>Urz\u0105d Gminy Kamionka Wielka<br>33-334 Kamionka Wielka 5<\/p><\/span><\/span><\/span><\/li><li class=\"gutentor-list-item grid-12 grid-12 grid-12\"><span class=\"gutentor-single-item gutentor-single-item-1\"><span class=\"gutentor-list-item-wrap\"><span class=\"gutentor-single-list-item-icon\"><i class=\"list-item-icon fas fa-angle-double-right\"><\/i><\/span><span class=\"gutentor-list-item\"><p class=\"gutentor-single-item-title\"><strong><span style=\"color:#ef7900\" class=\"has-inline-color\">Gmina miejska i Gmina wiejska Gryb\u00f3w<br><\/span><\/strong><span style=\"color:#ef7900\" class=\"has-inline-color\"><strong>14.12.2021 r. godz.: 17:00 \u2013 19:00<\/strong><br><\/span>Lokalizacja:<br>Urz\u0105d Miasta Gryb\u00f3w<br>ul. Rynek 12, 33-330 Gryb\u00f3w<\/p><\/span><\/span><\/span><\/li><li class=\"gutentor-list-item grid-12 grid-12 grid-12\"><span class=\"gutentor-single-item gutentor-single-item-2\"><span class=\"gutentor-list-item-wrap\"><span class=\"gutentor-single-list-item-icon\"><i class=\"list-item-icon fas fa-angle-double-right\"><\/i><\/span><span class=\"gutentor-list-item\"><p class=\"gutentor-single-item-title\"><strong><span style=\"color:#ef7900\" class=\"has-inline-color\">Gmina Ropa<br>15.12.2021 r. godz.: 17:00 \u2013 19:00<\/span><\/strong><br>Lokalizacja:<br>Urz\u0105d Gminy Ropa<br>38-312 Ropa 733<\/p><\/span><\/span><\/span><\/li><\/ul><\/div><\/section>\n\n\n\n<div id=\"section-g52a940\" class=\"wp-block-gutentor-e1 section-g52a940 gutentor-element gutentor-element-advanced-text text-align-center-desktop\"><div class=\"gutentor-text-wrap\"><p class=\"gutentor-text\"><strong>Kontakt telefoniczny: Wykonawca Projektu IVIA S.A. +48 606 840 422<\/strong><\/p><\/div><\/div>\n\n\n\n<div id=\"section-gd33f17\" class=\"wp-block-gutentor-e1 section-gd33f17 gutentor-element gutentor-element-advanced-text text-align-center-desktop\"><div class=\"gutentor-text-wrap\"><p class=\"gutentor-text\">Materia\u0142y informacyjno \u2013 konsultacyjne zosta\u0142y zamieszczone na stronie internetowej pod adresem: <a href=\"http:\/\/www.dk28nowysacz-ropa.pl\">http:\/\/www.dk28nowysacz-ropa.pl<\/a><\/p><\/div><\/div>\n\n\n\n<div id=\"section-gc1ee3a\" class=\"wp-block-gutentor-e1 section-gc1ee3a gutentor-element gutentor-element-advanced-text text-align-center-desktop\"><div class=\"gutentor-text-wrap\"><p class=\"gutentor-text\">Wnioski i zastrze\u017cenia dotycz\u0105ce przedsi\u0119wzi\u0119cia nale\u017cy z\u0142o\u017cy\u0107 bezpo\u015brednio w dniu spotka\u0144 informacyjnych w miejscu spotkania lub w terminie do dnia 23.12.2021r. w formie elektronicznej na adres mailowy: <a href=\"mailto:dk28nowysaczropa@ivia.pl\"><span class=\"has-inline-color has-vivid-red-color\"><strong>dk28nowysaczropa@ivia.pl<\/strong><\/span><\/a> lub poczt\u0105 na adres biura <span class=\"has-inline-color has-vivid-red-color\"><strong><a href=\"https:\/\/www.ivia.pl\/\" data-type=\"URL\" data-id=\"https:\/\/www.ivia.pl\/\">IVIA S.A.<\/a>, ul. Kasprowicza 46, 43-502 Czechowice \u2013 Dziedzice<\/strong><\/span> z dopiskiem: \u201eSpotkania informacyjne DK28\u201d.<\/p><\/div><\/div>\n","protected":false},"excerpt":{"rendered":"","protected":false},"author":1,"featured_media":1556,"comment_status":"closed","ping_status":"closed","sticky":false,"template":"","format":"standard","meta":{"footnotes":""},"categories":[4],"tags":[],"class_list":["post-2447","post","type-post","status-publish","format-standard","has-post-thumbnail","hentry","category-aktualnosci"],"gutentor_comment":0,"_links":{"self":[{"href":"http:\/\/dk28nowysacz-ropa.pl\/index.php\/wp-json\/wp\/v2\/posts\/2447","targetHints":{"allow":["GET"]}}],"collection":[{"href":"http:\/\/dk28nowysacz-ropa.pl\/index.php\/wp-json\/wp\/v2\/posts"}],"about":[{"href":"http:\/\/dk28nowysacz-ropa.pl\/index.php\/wp-json\/wp\/v2\/types\/post"}],"author":[{"embeddable":true,"href":"http:\/\/dk28nowysacz-ropa.pl\/index.php\/wp-json\/wp\/v2\/users\/1"}],"replies":[{"embeddable":true,"href":"http:\/\/dk28nowysacz-ropa.pl\/index.php\/wp-json\/wp\/v2\/comments?post=2447"}],"version-history":[{"count":4,"href":"http:\/\/dk28nowysacz-ropa.pl\/index.php\/wp-json\/wp\/v2\/posts\/2447\/revisions"}],"predecessor-version":[{"id":2678,"href":"http:\/\/dk28nowysacz-ropa.pl\/index.php\/wp-json\/wp\/v2\/posts\/2447\/revisions\/2678"}],"wp:featuredmedia":[{"embeddable":true,"href":"http:\/\/dk28nowysacz-ropa.pl\/index.php\/wp-json\/wp\/v2\/media\/1556"}],"wp:attachment":[{"href":"http:\/\/dk28nowysacz-ropa.pl\/index.php\/wp-json\/wp\/v2\/media?parent=2447"}],"wp:term":[{"taxonomy":"category","embeddable":true,"href":"http:\/\/dk28nowysacz-ropa.pl\/index.php\/wp-json\/wp\/v2\/categories?post=2447"},{"taxonomy":"post_tag","embeddable":true,"href":"http:\/\/dk28nowysacz-ropa.pl\/index.php\/wp-json\/wp\/v2\/tags?post=2447"}],"curies":[{"name":"wp","href":"https:\/\/api.w.org\/{rel}","templated":true}]}}